{"id":718,"date":"2022-11-21T13:36:42","date_gmt":"2022-11-21T17:36:42","guid":{"rendered":"https:\/\/fiebrelapelicula.cl\/?p=718"},"modified":"2022-12-18T21:25:35","modified_gmt":"2022-12-19T01:25:35","slug":"fiebre-de-elisa-eliash-y-el-castigo-de-matias-bize-son-parte-de-poff-2022-conoce-aqui-los-detalles-de-sus-premieres","status":"publish","type":"post","link":"https:\/\/fiebrelapelicula.cl\/en\/fiebre-de-elisa-eliash-y-el-castigo-de-matias-bize-son-parte-de-poff-2022-conoce-aqui-los-detalles-de-sus-premieres\/","title":{"rendered":"\u00abFEVER\u00bb DE ELISA ELIASH Y \u00abTHE PUNISHMENT\u00bb DE MAT\u00cdAS BIZE FORMAN PARTE DE P\u00d6FF 2022: CONOCE LOS DETALLES DE SUS ESTRENOS AQU\u00cd"},"content":{"rendered":"","protected":false},"excerpt":{"rendered":"","protected":false},"author":2,"featured_media":747,"comment_status":"open","ping_status":"open","sticky":false,"template":"","format":"standard","meta":[],"categories":[3],"tags":[],"acf":[],"_links":{"self":[{"href":"https:\/\/fiebrelapelicula.cl\/en\/wp-json\/wp\/v2\/posts\/718"}],"collection":[{"href":"https:\/\/fiebrelapelicula.cl\/en\/wp-json\/wp\/v2\/posts"}],"about":[{"href":"https:\/\/fiebrelapelicula.cl\/en\/wp-json\/wp\/v2\/types\/post"}],"author":[{"embeddable":true,"href":"https:\/\/fiebrelapelicula.cl\/en\/wp-json\/wp\/v2\/users\/2"}],"replies":[{"embeddable":true,"href":"https:\/\/fiebrelapelicula.cl\/en\/wp-json\/wp\/v2\/comments?post=718"}],"version-history":[{"count":1,"href":"https:\/\/fiebrelapelicula.cl\/en\/wp-json\/wp\/v2\/posts\/718\/revisions"}],"predecessor-version":[{"id":720,"href":"https:\/\/fiebrelapelicula.cl\/en\/wp-json\/wp\/v2\/posts\/718\/revisions\/720"}],"wp:featuredmedia":[{"embeddable":true,"href":"https:\/\/fiebrelapelicula.cl\/en\/wp-json\/wp\/v2\/media\/747"}],"wp:attachment":[{"href":"https:\/\/fiebrelapelicula.cl\/en\/wp-json\/wp\/v2\/media?parent=718"}],"wp:term":[{"taxonomy":"category","embeddable":true,"href":"https:\/\/fiebrelapelicula.cl\/en\/wp-json\/wp\/v2\/categories?post=718"},{"taxonomy":"post_tag","embeddable":true,"href":"https:\/\/fiebrelapelicula.cl\/en\/wp-json\/wp\/v2\/tags?post=718"}],"curies":[{"name":"wp","href":"https:\/\/api.w.org\/{rel}","templated":true}]}}