{"id":813,"date":"2023-06-20T10:05:38","date_gmt":"2023-06-20T14:05:38","guid":{"rendered":"https:\/\/fiebrelapelicula.cl\/?p=813"},"modified":"2023-06-20T10:05:38","modified_gmt":"2023-06-20T14:05:38","slug":"la-nacion-aplaudida-pelicula-de-elisa-eliash-que-mezcla-animacion-con-live-action-se-estrenara-el-6-de-julio","status":"publish","type":"post","link":"https:\/\/fiebrelapelicula.cl\/en\/la-nacion-aplaudida-pelicula-de-elisa-eliash-que-mezcla-animacion-con-live-action-se-estrenara-el-6-de-julio\/","title":{"rendered":"(Es) LA NACI\u00d3N\/ APLAUDIDA PEL\u00cdCULA DE ELISA ELIASH QUE MEZCLA ANIMACI\u00d3N CON LIVE-ACTION SE ESTRENAR\u00c1 EL 6 DE JULIO"},"content":{"rendered":"","protected":false},"excerpt":{"rendered":"","protected":false},"author":2,"featured_media":814,"comment_status":"open","ping_status":"open","sticky":false,"template":"","format":"standard","meta":[],"categories":[3],"tags":[],"acf":[],"_links":{"self":[{"href":"https:\/\/fiebrelapelicula.cl\/en\/wp-json\/wp\/v2\/posts\/813"}],"collection":[{"href":"https:\/\/fiebrelapelicula.cl\/en\/wp-json\/wp\/v2\/posts"}],"about":[{"href":"https:\/\/fiebrelapelicula.cl\/en\/wp-json\/wp\/v2\/types\/post"}],"author":[{"embeddable":true,"href":"https:\/\/fiebrelapelicula.cl\/en\/wp-json\/wp\/v2\/users\/2"}],"replies":[{"embeddable":true,"href":"https:\/\/fiebrelapelicula.cl\/en\/wp-json\/wp\/v2\/comments?post=813"}],"version-history":[{"count":1,"href":"https:\/\/fiebrelapelicula.cl\/en\/wp-json\/wp\/v2\/posts\/813\/revisions"}],"predecessor-version":[{"id":815,"href":"https:\/\/fiebrelapelicula.cl\/en\/wp-json\/wp\/v2\/posts\/813\/revisions\/815"}],"wp:featuredmedia":[{"embeddable":true,"href":"https:\/\/fiebrelapelicula.cl\/en\/wp-json\/wp\/v2\/media\/814"}],"wp:attachment":[{"href":"https:\/\/fiebrelapelicula.cl\/en\/wp-json\/wp\/v2\/media?parent=813"}],"wp:term":[{"taxonomy":"category","embeddable":true,"href":"https:\/\/fiebrelapelicula.cl\/en\/wp-json\/wp\/v2\/categories?post=813"},{"taxonomy":"post_tag","embeddable":true,"href":"https:\/\/fiebrelapelicula.cl\/en\/wp-json\/wp\/v2\/tags?post=813"}],"curies":[{"name":"wp","href":"https:\/\/api.w.org\/{rel}","templated":true}]}}